{"id":1072,"date":"2018-01-24T06:49:55","date_gmt":"2018-01-24T06:49:55","guid":{"rendered":"http:\/\/www.rockforyourchildren.de\/?p=1072"},"modified":"2018-11-17T10:30:57","modified_gmt":"2018-11-17T10:30:57","slug":"erfolgreiches-rfyc-konzert-zugunsten-stiftung-eigen-sinn-in-freudenstadt","status":"publish","type":"post","link":"http:\/\/www.rockforyourchildren.de\/?p=1072","title":{"rendered":"Erfolgreiches RFYC-Konzert zugunsten Stiftung EIGEN-SINN in Freudenstadt"},"content":{"rendered":"<p><img loading=\"lazy\" class=\"alignleft size-medium wp-image-1012\" src=\"http:\/\/www.rockforyourchildren.de\/wp-content\/uploads\/2016\/05\/Plakat_final-page-001-213x300.jpg\" alt=\"\" width=\"213\" height=\"300\" srcset=\"http:\/\/www.rockforyourchildren.de\/wp-content\/uploads\/2016\/05\/Plakat_final-page-001-213x300.jpg 213w, http:\/\/www.rockforyourchildren.de\/wp-content\/uploads\/2016\/05\/Plakat_final-page-001-768x1080.jpg 768w, http:\/\/www.rockforyourchildren.de\/wp-content\/uploads\/2016\/05\/Plakat_final-page-001-728x1024.jpg 728w, http:\/\/www.rockforyourchildren.de\/wp-content\/uploads\/2016\/05\/Plakat_final-page-001-300x422.jpg 300w\" sizes=\"(max-width: 213px) 100vw, 213px\" \/>Wir m\u00f6chten das neue Jahr mit der h\u00f6chsterfreulichen Nachricht beginnen, dass das ROCK FOR YOUR CHILDREN \u2013 Sonderkonzert der Schulen in Freudenstadt im Sommer 2016 sage und schreibe einen Betrag von<br \/>\n3.764 EUR<\/p>\n<p>zugunsten der \u201eStiftung EIGEN-SINN f\u00fcr benachteiligte Kinder\u201c einspielen konnte.<\/p>\n<p>Hier der Dankbrief der Vorst\u00e4nde Dieter Eberhardt und Hans-Martin Haist:<\/p>\n<p>\u201eEine gro\u00dfartige Veranstaltung der Realschule Freudenstadt und vieler Freudenst\u00e4dter Schulen mit &#8222;Rock for your children&#8220; und Conny Conrad.<br \/>\nEin musikalisches Feuerwerk aller Klassenstufen erfreute einen vollen Kursaal in Freudenstadt.<br \/>\nDer Erl\u00f6s kam den vielf\u00e4ltigen Projekten der Stiftung EIGEN-SINN f\u00fcr benachteiligte Kinder zu Gute.<br \/>\nMusik macht SINN und verbessert die Welt.<\/p>\n<p>Wir sagen nochmal ganz herzlich D A N K E !!!!\u201c<\/p>\n<p>&nbsp;<\/p>\n","protected":false},"excerpt":{"rendered":"<p>Wir m\u00f6chten das neue Jahr mit der h\u00f6chsterfreulichen Nachricht beginnen, dass das ROCK FOR YOUR CHILDREN \u2013 Sonderkonzert der Schulen in Freudenstadt im Sommer 2016 sage und schreibe einen Betrag von 3.764 EUR zugunsten der \u201eStiftung EIGEN-SINN f\u00fcr benachteiligte Kinder\u201c einspielen konnte. Hier der Dankbrief der Vorst\u00e4nde Dieter Eberhardt und Hans-Martin Haist: \u201eEine gro\u00dfartige Veranstaltung [&hellip;]<\/p>\n","protected":false},"author":2,"featured_media":0,"comment_status":"open","ping_status":"open","sticky":false,"template":"","format":"standard","meta":[],"categories":[1],"tags":[],"_links":{"self":[{"href":"http:\/\/www.rockforyourchildren.de\/index.php?rest_route=\/wp\/v2\/posts\/1072"}],"collection":[{"href":"http:\/\/www.rockforyourchildren.de\/index.php?rest_route=\/wp\/v2\/posts"}],"about":[{"href":"http:\/\/www.rockforyourchildren.de\/index.php?rest_route=\/wp\/v2\/types\/post"}],"author":[{"embeddable":true,"href":"http:\/\/www.rockforyourchildren.de\/index.php?rest_route=\/wp\/v2\/users\/2"}],"replies":[{"embeddable":true,"href":"http:\/\/www.rockforyourchildren.de\/index.php?rest_route=%2Fwp%2Fv2%2Fcomments&post=1072"}],"version-history":[{"count":2,"href":"http:\/\/www.rockforyourchildren.de\/index.php?rest_route=\/wp\/v2\/posts\/1072\/revisions"}],"predecessor-version":[{"id":1132,"href":"http:\/\/www.rockforyourchildren.de\/index.php?rest_route=\/wp\/v2\/posts\/1072\/revisions\/1132"}],"wp:attachment":[{"href":"http:\/\/www.rockforyourchildren.de\/index.php?rest_route=%2Fwp%2Fv2%2Fmedia&parent=1072"}],"wp:term":[{"taxonomy":"category","embeddable":true,"href":"http:\/\/www.rockforyourchildren.de\/index.php?rest_route=%2Fwp%2Fv2%2Fcategories&post=1072"},{"taxonomy":"post_tag","embeddable":true,"href":"http:\/\/www.rockforyourchildren.de\/index.php?rest_route=%2Fwp%2Fv2%2Ftags&post=1072"}],"curies":[{"name":"wp","href":"https:\/\/api.w.org\/{rel}","templated":true}]}}